{"id":971,"date":"2017-10-13T10:51:16","date_gmt":"2017-10-13T09:51:16","guid":{"rendered":"http:\/\/www.maccannes.com\/WordPress\/?p=971"},"modified":"2017-10-13T10:51:16","modified_gmt":"2017-10-13T09:51:16","slug":"mathieu-mervelet-selectionne-dans-le-equipe-de-france-f3f","status":"publish","type":"post","link":"http:\/\/www.maccannes.com\/WordPress\/mathieu-mervelet-selectionne-dans-le-equipe-de-france-f3f\/","title":{"rendered":"Mathieu mervelet s\u00e9lectionn\u00e9 dans le \u00e9quipe de France F3f"},"content":{"rendered":"<p>C&rsquo;est est avec brio que Matthew mervelet est s\u00e9lectionn\u00e9 dans le \u00e9quipe de France pour le championnat du monde 2018 \u00e0 rugen en Allemagne. Il d\u00e9fendra tant nos couleurs mais aussi notre club. Je ferai un lien pour suivre en ligne direct cette magnifique manifestation <\/p>\n","protected":false},"excerpt":{"rendered":"<p>C&rsquo;est est avec brio que Matthew mervelet est s\u00e9lectionn\u00e9 dans le \u00e9quipe de France pour le championnat du monde 2018 \u00e0 rugen en Allemagne. Il d\u00e9fendra tant nos couleurs mais aussi notre club. Je ferai un lien pour suivre en ligne direct cette magnifique manifestation<\/p>\n","protected":false},"author":4,"featured_media":0,"comment_status":"open","ping_status":"open","sticky":false,"template":"","format":"standard","meta":{"footnotes":""},"categories":[4,5],"tags":[],"class_list":["post-971","post","type-post","status-publish","format-standard","hentry","category-concours","category-vie","grid-sizer"],"_links":{"self":[{"href":"http:\/\/www.maccannes.com\/WordPress\/wp-json\/wp\/v2\/posts\/971","targetHints":{"allow":["GET"]}}],"collection":[{"href":"http:\/\/www.maccannes.com\/WordPress\/wp-json\/wp\/v2\/posts"}],"about":[{"href":"http:\/\/www.maccannes.com\/WordPress\/wp-json\/wp\/v2\/types\/post"}],"author":[{"embeddable":true,"href":"http:\/\/www.maccannes.com\/WordPress\/wp-json\/wp\/v2\/users\/4"}],"replies":[{"embeddable":true,"href":"http:\/\/www.maccannes.com\/WordPress\/wp-json\/wp\/v2\/comments?post=971"}],"version-history":[{"count":1,"href":"http:\/\/www.maccannes.com\/WordPress\/wp-json\/wp\/v2\/posts\/971\/revisions"}],"predecessor-version":[{"id":972,"href":"http:\/\/www.maccannes.com\/WordPress\/wp-json\/wp\/v2\/posts\/971\/revisions\/972"}],"wp:attachment":[{"href":"http:\/\/www.maccannes.com\/WordPress\/wp-json\/wp\/v2\/media?parent=971"}],"wp:term":[{"taxonomy":"category","embeddable":true,"href":"http:\/\/www.maccannes.com\/WordPress\/wp-json\/wp\/v2\/categories?post=971"},{"taxonomy":"post_tag","embeddable":true,"href":"http:\/\/www.maccannes.com\/WordPress\/wp-json\/wp\/v2\/tags?post=971"}],"curies":[{"name":"wp","href":"https:\/\/api.w.org\/{rel}","templated":true}]}}