{"id":963,"date":"2017-09-03T19:24:37","date_gmt":"2017-09-03T18:24:37","guid":{"rendered":"http:\/\/www.maccannes.com\/WordPress\/?p=963"},"modified":"2017-09-03T19:27:26","modified_gmt":"2017-09-03T18:27:26","slug":"manche-f3f-col-du-gland-on","status":"publish","type":"post","link":"http:\/\/www.maccannes.com\/WordPress\/manche-f3f-col-du-gland-on\/","title":{"rendered":"Manche F3f Col du Glandon"},"content":{"rendered":"<p>Nos petits gars, Matthieu Mervelet, S\u00e9bastien Lanes \u00a0et Jacques Marzack \u00e9taient pr\u00e9sents pr\u00e8s de Grenoble pour un manche de la coupe de France F3f .<\/p>\n<p>Apr\u00e8s samedi humide et froid, ils ont pu faire 7 manches et Jacques a pu prendre la deuxi\u00e8me place \u00e0 72 points derri\u00e8re le prestigieux Pierre Rondel.<\/p>\n<p>Le Macc etait une fois de plus tr\u00e8s bien place.<\/p>\n<p>&nbsp;<\/p>\n","protected":false},"excerpt":{"rendered":"<p>Nos petits gars, Matthieu Mervelet, S\u00e9bastien Lanes \u00a0et Jacques Marzack \u00e9taient pr\u00e9sents pr\u00e8s de Grenoble pour un manche de la coupe de France F3f . Apr\u00e8s samedi humide et froid, ils ont pu faire 7 manches et Jacques a pu prendre la deuxi\u00e8me place \u00e0 72 points derri\u00e8re le prestigieux Pierre Rondel. Le Macc etait &hellip; <\/p>\n","protected":false},"author":4,"featured_media":0,"comment_status":"open","ping_status":"open","sticky":false,"template":"","format":"standard","meta":{"footnotes":""},"categories":[4,5],"tags":[],"class_list":["post-963","post","type-post","status-publish","format-standard","hentry","category-concours","category-vie","grid-sizer"],"_links":{"self":[{"href":"http:\/\/www.maccannes.com\/WordPress\/wp-json\/wp\/v2\/posts\/963","targetHints":{"allow":["GET"]}}],"collection":[{"href":"http:\/\/www.maccannes.com\/WordPress\/wp-json\/wp\/v2\/posts"}],"about":[{"href":"http:\/\/www.maccannes.com\/WordPress\/wp-json\/wp\/v2\/types\/post"}],"author":[{"embeddable":true,"href":"http:\/\/www.maccannes.com\/WordPress\/wp-json\/wp\/v2\/users\/4"}],"replies":[{"embeddable":true,"href":"http:\/\/www.maccannes.com\/WordPress\/wp-json\/wp\/v2\/comments?post=963"}],"version-history":[{"count":2,"href":"http:\/\/www.maccannes.com\/WordPress\/wp-json\/wp\/v2\/posts\/963\/revisions"}],"predecessor-version":[{"id":968,"href":"http:\/\/www.maccannes.com\/WordPress\/wp-json\/wp\/v2\/posts\/963\/revisions\/968"}],"wp:attachment":[{"href":"http:\/\/www.maccannes.com\/WordPress\/wp-json\/wp\/v2\/media?parent=963"}],"wp:term":[{"taxonomy":"category","embeddable":true,"href":"http:\/\/www.maccannes.com\/WordPress\/wp-json\/wp\/v2\/categories?post=963"},{"taxonomy":"post_tag","embeddable":true,"href":"http:\/\/www.maccannes.com\/WordPress\/wp-json\/wp\/v2\/tags?post=963"}],"curies":[{"name":"wp","href":"https:\/\/api.w.org\/{rel}","templated":true}]}}