{"id":928,"date":"2017-05-27T20:32:10","date_gmt":"2017-05-27T19:32:10","guid":{"rendered":"http:\/\/www.maccannes.com\/WordPress\/?p=928"},"modified":"2017-05-27T20:34:54","modified_gmt":"2017-05-27T19:34:54","slug":"action-handicap-et-aeromodelisme","status":"publish","type":"post","link":"http:\/\/www.maccannes.com\/WordPress\/action-handicap-et-aeromodelisme\/","title":{"rendered":"Action Handicap et Aeromodelisme GRATUITE"},"content":{"rendered":"<p>Apres s&rsquo;\u00eatre investi dans le F3F, nous avons parmi nos membres les champions du monde de cette sp\u00e9cialit\u00e9, en\u00a0 Philippe LANES, S\u00e9bastien LANES, Matthieu MERVELET et Allan COHEN.<\/p>\n<p>Le club s&rsquo;investit dans l&rsquo;insertion des personnes \u00e0 mobilit\u00e9 r\u00e9duite dans notre passion.<\/p>\n<p>Nous mettons donc\u00a0\u00e0 la disposition de ces personnes notre\u00a0mat\u00e9riel adapt\u00e9 , formateurs et temps GRATUITEMENT.<\/p>\n<p>Si vous souhaitez d\u00e9couvrir notre passion passez un mail \u00e0 handimacc06@gmail.com pour convenir d&rsquo;un rendez vous<\/p>\n","protected":false},"excerpt":{"rendered":"<p>Apres s&rsquo;\u00eatre investi dans le F3F, nous avons parmi nos membres les champions du monde de cette sp\u00e9cialit\u00e9, en\u00a0 Philippe LANES, S\u00e9bastien LANES, Matthieu MERVELET et Allan COHEN. Le club s&rsquo;investit dans l&rsquo;insertion des personnes \u00e0 mobilit\u00e9 r\u00e9duite dans notre passion. Nous mettons donc\u00a0\u00e0 la disposition de ces personnes notre\u00a0mat\u00e9riel adapt\u00e9 , formateurs et temps &hellip; <\/p>\n","protected":false},"author":4,"featured_media":929,"comment_status":"open","ping_status":"open","sticky":false,"template":"","format":"standard","meta":{"footnotes":""},"categories":[3,1,5],"tags":[14,72,73,61],"class_list":["post-928","post","type-post","status-publish","format-standard","has-post-thumbnail","hentry","category-articles","category-uncategorized","category-vie","tag-caussols","tag-handicap","tag-modelisme","tag-planeurs","grid-sizer"],"_links":{"self":[{"href":"http:\/\/www.maccannes.com\/WordPress\/wp-json\/wp\/v2\/posts\/928","targetHints":{"allow":["GET"]}}],"collection":[{"href":"http:\/\/www.maccannes.com\/WordPress\/wp-json\/wp\/v2\/posts"}],"about":[{"href":"http:\/\/www.maccannes.com\/WordPress\/wp-json\/wp\/v2\/types\/post"}],"author":[{"embeddable":true,"href":"http:\/\/www.maccannes.com\/WordPress\/wp-json\/wp\/v2\/users\/4"}],"replies":[{"embeddable":true,"href":"http:\/\/www.maccannes.com\/WordPress\/wp-json\/wp\/v2\/comments?post=928"}],"version-history":[{"count":4,"href":"http:\/\/www.maccannes.com\/WordPress\/wp-json\/wp\/v2\/posts\/928\/revisions"}],"predecessor-version":[{"id":934,"href":"http:\/\/www.maccannes.com\/WordPress\/wp-json\/wp\/v2\/posts\/928\/revisions\/934"}],"wp:featuredmedia":[{"embeddable":true,"href":"http:\/\/www.maccannes.com\/WordPress\/wp-json\/wp\/v2\/media\/929"}],"wp:attachment":[{"href":"http:\/\/www.maccannes.com\/WordPress\/wp-json\/wp\/v2\/media?parent=928"}],"wp:term":[{"taxonomy":"category","embeddable":true,"href":"http:\/\/www.maccannes.com\/WordPress\/wp-json\/wp\/v2\/categories?post=928"},{"taxonomy":"post_tag","embeddable":true,"href":"http:\/\/www.maccannes.com\/WordPress\/wp-json\/wp\/v2\/tags?post=928"}],"curies":[{"name":"wp","href":"https:\/\/api.w.org\/{rel}","templated":true}]}}