{"id":882,"date":"2016-09-20T17:36:26","date_gmt":"2016-09-20T16:36:26","guid":{"rendered":"http:\/\/www.maccannes.com\/WordPress\/?p=882"},"modified":"2016-09-20T17:38:26","modified_gmt":"2016-09-20T16:38:26","slug":"philippe-lanes-championnat-du-monde-f3f","status":"publish","type":"post","link":"http:\/\/www.maccannes.com\/WordPress\/philippe-lanes-championnat-du-monde-f3f\/","title":{"rendered":"Philippe LANES championnat du Monde F3f"},"content":{"rendered":"<p>Philippe Lanes, membre de notre club, est un des trois pilotes s\u00e9lectionn\u00e9s ( Pierre Rondel, Aubry Cabanon) de l&rsquo;\u00e9quipe de France .<\/p>\n<p>Le championnat va se situer sur les falaises maritimes du Danemark dans les jours qui viennent.<\/p>\n<p>Alors ayez une petite pens\u00e9e \u00a0pour lui qui devra d\u00e9fendre sa place de vice champion par \u00e9quipe gagn\u00e9 il y a deux ans.<\/p>\n<p>&nbsp;<\/p>\n","protected":false},"excerpt":{"rendered":"<p>Philippe Lanes, membre de notre club, est un des trois pilotes s\u00e9lectionn\u00e9s ( Pierre Rondel, Aubry Cabanon) de l&rsquo;\u00e9quipe de France . Le championnat va se situer sur les falaises maritimes du Danemark dans les jours qui viennent. Alors ayez une petite pens\u00e9e \u00a0pour lui qui devra d\u00e9fendre sa place de vice champion par \u00e9quipe &hellip; <\/p>\n","protected":false},"author":4,"featured_media":0,"comment_status":"open","ping_status":"open","sticky":false,"template":"","format":"standard","meta":{"footnotes":""},"categories":[3,4,5],"tags":[25,67,9,26,11,64,68],"class_list":["post-882","post","type-post","status-publish","format-standard","hentry","category-articles","category-concours","category-vie","tag-allan","tag-danemark","tag-f3f","tag-lanes","tag-macc","tag-matthieu","tag-sebastien","grid-sizer"],"_links":{"self":[{"href":"http:\/\/www.maccannes.com\/WordPress\/wp-json\/wp\/v2\/posts\/882","targetHints":{"allow":["GET"]}}],"collection":[{"href":"http:\/\/www.maccannes.com\/WordPress\/wp-json\/wp\/v2\/posts"}],"about":[{"href":"http:\/\/www.maccannes.com\/WordPress\/wp-json\/wp\/v2\/types\/post"}],"author":[{"embeddable":true,"href":"http:\/\/www.maccannes.com\/WordPress\/wp-json\/wp\/v2\/users\/4"}],"replies":[{"embeddable":true,"href":"http:\/\/www.maccannes.com\/WordPress\/wp-json\/wp\/v2\/comments?post=882"}],"version-history":[{"count":1,"href":"http:\/\/www.maccannes.com\/WordPress\/wp-json\/wp\/v2\/posts\/882\/revisions"}],"predecessor-version":[{"id":883,"href":"http:\/\/www.maccannes.com\/WordPress\/wp-json\/wp\/v2\/posts\/882\/revisions\/883"}],"wp:attachment":[{"href":"http:\/\/www.maccannes.com\/WordPress\/wp-json\/wp\/v2\/media?parent=882"}],"wp:term":[{"taxonomy":"category","embeddable":true,"href":"http:\/\/www.maccannes.com\/WordPress\/wp-json\/wp\/v2\/categories?post=882"},{"taxonomy":"post_tag","embeddable":true,"href":"http:\/\/www.maccannes.com\/WordPress\/wp-json\/wp\/v2\/tags?post=882"}],"curies":[{"name":"wp","href":"https:\/\/api.w.org\/{rel}","templated":true}]}}