{"id":694,"date":"2014-09-02T09:40:38","date_gmt":"2014-09-02T08:40:38","guid":{"rendered":"http:\/\/www.maccannes.com\/WordPress\/?p=694"},"modified":"2014-09-02T09:40:38","modified_gmt":"2014-09-02T08:40:38","slug":"championnat-de-france-f3f-2014","status":"publish","type":"post","link":"http:\/\/www.maccannes.com\/WordPress\/championnat-de-france-f3f-2014\/","title":{"rendered":"Championnat de France  F3F 2014"},"content":{"rendered":"<p>Nos petits gars (S\u00e9bastien,Philippe Lanes,Allan Cohen) ont rejoint les vingt autres concurrents du Championnat de France F3F 2014 , vers Alba la Romaine.<\/p>\n<p>Le premier jour a \u00e9t\u00e9 pour eux une apr\u00e8s midi bronzage car le vent n&rsquo;\u00e9tait pas la.<\/p>\n<p>D\u00e9s Samedi le vent \u00e9tant la, S\u00e9bastien s&rsquo;est plac\u00e9 en deuxi\u00e8me place derri\u00e8re l\u2019infatigable Pierre Rondel, ils ont gard\u00e9 le classement apr\u00e8s 11 manches.<\/p>\n<p>Apr\u00e9s une nuit de repos ????, et neuf manches de plus le classement est conserv\u00e9 .<\/p>\n<p>S\u00e9bastien Lanes est Vice Champion de France.<\/p>\n<p>Encore F\u00e9licitations a notre Jeune Champion et beaucoup de courage a Philippe Lanes qui part d\u00e9fendre nos couleurs au Championnat du Monde \u00e0 Donovaly.<\/p>\n<p>En attendant voici une petite vid\u00e9o bien r\u00e9alis\u00e9e:\u00a0<a style=\"color: #1155cc\" href=\"https:\/\/www.youtube.com\/watch?v=Jb3F-HQspaA\" target=\"_blank\">https:\/\/www.youtube.com\/watch?v=Jb3F-HQspaA<\/a><\/p>\n","protected":false},"excerpt":{"rendered":"<p>Nos petits gars (S\u00e9bastien,Philippe Lanes,Allan Cohen) ont rejoint les vingt autres concurrents du Championnat de France F3F 2014 , vers Alba la Romaine. Le premier jour a \u00e9t\u00e9 pour eux une apr\u00e8s midi bronzage car le vent n&rsquo;\u00e9tait pas la. D\u00e9s Samedi le vent \u00e9tant la, S\u00e9bastien s&rsquo;est plac\u00e9 en deuxi\u00e8me place derri\u00e8re l\u2019infatigable Pierre &hellip; <\/p>\n","protected":false},"author":4,"featured_media":0,"comment_status":"open","ping_status":"open","sticky":false,"template":"","format":"standard","meta":{"footnotes":""},"categories":[4,1,5],"tags":[25,27,9,26],"class_list":["post-694","post","type-post","status-publish","format-standard","hentry","category-concours","category-uncategorized","category-vie","tag-allan","tag-cdf-2014","tag-f3f","tag-lanes","grid-sizer"],"_links":{"self":[{"href":"http:\/\/www.maccannes.com\/WordPress\/wp-json\/wp\/v2\/posts\/694","targetHints":{"allow":["GET"]}}],"collection":[{"href":"http:\/\/www.maccannes.com\/WordPress\/wp-json\/wp\/v2\/posts"}],"about":[{"href":"http:\/\/www.maccannes.com\/WordPress\/wp-json\/wp\/v2\/types\/post"}],"author":[{"embeddable":true,"href":"http:\/\/www.maccannes.com\/WordPress\/wp-json\/wp\/v2\/users\/4"}],"replies":[{"embeddable":true,"href":"http:\/\/www.maccannes.com\/WordPress\/wp-json\/wp\/v2\/comments?post=694"}],"version-history":[{"count":3,"href":"http:\/\/www.maccannes.com\/WordPress\/wp-json\/wp\/v2\/posts\/694\/revisions"}],"predecessor-version":[{"id":697,"href":"http:\/\/www.maccannes.com\/WordPress\/wp-json\/wp\/v2\/posts\/694\/revisions\/697"}],"wp:attachment":[{"href":"http:\/\/www.maccannes.com\/WordPress\/wp-json\/wp\/v2\/media?parent=694"}],"wp:term":[{"taxonomy":"category","embeddable":true,"href":"http:\/\/www.maccannes.com\/WordPress\/wp-json\/wp\/v2\/categories?post=694"},{"taxonomy":"post_tag","embeddable":true,"href":"http:\/\/www.maccannes.com\/WordPress\/wp-json\/wp\/v2\/tags?post=694"}],"curies":[{"name":"wp","href":"https:\/\/api.w.org\/{rel}","templated":true}]}}