{"id":1317,"date":"2023-07-31T20:30:45","date_gmt":"2023-07-31T19:30:45","guid":{"rendered":"https:\/\/www.maccannes.com\/WordPress\/?p=1317"},"modified":"2023-08-03T16:29:46","modified_gmt":"2023-08-03T15:29:46","slug":"un-ami-est-parti","status":"publish","type":"post","link":"http:\/\/www.maccannes.com\/WordPress\/un-ami-est-parti\/","title":{"rendered":"Un ami est parti"},"content":{"rendered":"\n<figure class=\"wp-block-image size-full is-resized\"><a href=\"http:\/\/www.maccannes.com\/WordPress\/wp-content\/uploads\/2023\/07\/MERVELET-Michel.bmp\"><img loading=\"lazy\" decoding=\"async\" src=\"http:\/\/www.maccannes.com\/WordPress\/wp-content\/uploads\/2023\/07\/MERVELET-Michel.bmp\" alt=\"\" class=\"wp-image-1318\" width=\"213\" height=\"281\" srcset=\"http:\/\/www.maccannes.com\/WordPress\/wp-content\/uploads\/2023\/07\/MERVELET-Michel.bmp 100w, http:\/\/www.maccannes.com\/WordPress\/wp-content\/uploads\/2023\/07\/MERVELET-Michel-45x60.jpg 45w\" sizes=\"auto, (max-width: 213px) 100vw, 213px\" \/><\/a><\/figure>\n\n\n\n<blockquote class=\"wp-block-quote has-text-align-center is-layout-flow wp-block-quote-is-layout-flow\">\n<ul class=\"wp-block-list\">\n<li>Il y a pr\u00e8s de 30 ans, j&rsquo;ai eu l&rsquo;occasion de rencontrer un mod\u00e9liste patient, comp\u00e9tent et surtout agr\u00e9able; lorsque j&rsquo;ai d\u00e9barqu\u00e9 au Mod\u00e8le Air Club de Cannes. Il \u00e9tait accompagn\u00e9 d&rsquo;un jeune gar\u00e7on assez p\u00e9tillant qui d\u00e9butait dans l&rsquo;a\u00e9romod\u00e9lisme.<\/li>\n\n\n\n<li>Nous \u00e9tions sur la pente ouest-ouest de Caussols les conditions climatiques \u00e9taient moyennes, mais malgr\u00e9 tout celui-ci passait un temps important \u00e0 essayer d&rsquo;apprendre \u00e0 son fils les rudiments de l&rsquo;a\u00e9romod\u00e9lisme.<\/li>\n\n\n\n<li>Moi aussi j&rsquo;ai d\u00e9but\u00e9 dans le vol de pente et \u00e9tait tr\u00e8s int\u00e9ress\u00e9 par les informations et recommandations de ce modeliste.<\/li>\n\n\n\n<li>C&rsquo;est ainsi que j&rsquo;ai d\u00e9couvert Michel Mervelet et son fils Matthieu.<\/li>\n\n\n\n<li>Durant les ann\u00e9es suivantes, j&rsquo;ai pu d\u00e9couvrir que Michel \u00e9tait une mine de connaissance tant humaine que mod\u00e9liste.<\/li>\n\n\n\n<li>Il n&rsquo;a cess\u00e9 d&rsquo;apporter son aide \u00e0 toute personne qui souhaitait une information.<\/li>\n\n\n\n<li>Il a pu ainsi faire des ateliers de stratification au sein de du club, mais aussi donner \u00e0 chacun les connaissances qu&rsquo;ils avaient acquises au fil des ann\u00e9es.<\/li>\n\n\n\n<li>Il \u00e9tait possible de voir ses r\u00e9alisations <em>homemade <\/em>tant sur tes planeurs de comp\u00e9tition comme le <strong><em>Martinet<\/em><\/strong> mais aussi sur des petits planeurs tr\u00e8s performant 60 pouces.<\/li>\n\n\n\n<li>Il nous a \u00e9merveill\u00e9 avec ses nombreux gros et grands planeurs qu&rsquo;il ne manquait pas de sortir m\u00eame en si les conditions \u00e9taient moyennes.<\/li>\n\n\n\n<li>Il savait tout faire, mais surtout il \u00e9tait un homme admirable par sa combativit\u00e9 envers ce mauvais crabe qui avait pris possession de son corps.<\/li>\n\n\n\n<li>Il a montr\u00e9 face \u00e0 cette maladie une puissance que tout&nbsp; homme voudrait avoir.<\/li>\n\n\n\n<li>Il nous a prouv\u00e9 que le mental et la volont\u00e9 \u00e9tait le seul moyen de combattre ce crabe.<\/li>\n\n\n\n<li>Il s&rsquo;en est all\u00e9.<\/li>\n\n\n\n<li>Monsieur Michel Mervelet , vous \u00eates un exemple et l&rsquo;ami que nous avons toujours souhait\u00e9 avoir dans notre vie.<\/li>\n\n\n\n<li>Lorsque nous l\u00e8verons nos yeux vers le ciel, une pens\u00e9e sera toujours pour toi..<\/li>\n<\/ul>\n<\/blockquote>\n\n\n\n<figure class=\"wp-block-image size-large\"><a href=\"http:\/\/www.maccannes.com\/WordPress\/wp-content\/uploads\/2023\/08\/Michel2-scaled.jpg\"><img loading=\"lazy\" decoding=\"async\" width=\"1024\" height=\"683\" src=\"http:\/\/www.maccannes.com\/WordPress\/wp-content\/uploads\/2023\/08\/Michel2-1024x683.jpg\" alt=\"\" class=\"wp-image-1325\" srcset=\"http:\/\/www.maccannes.com\/WordPress\/wp-content\/uploads\/2023\/08\/Michel2-1024x683.jpg 1024w, http:\/\/www.maccannes.com\/WordPress\/wp-content\/uploads\/2023\/08\/Michel2-300x200.jpg 300w, http:\/\/www.maccannes.com\/WordPress\/wp-content\/uploads\/2023\/08\/Michel2-768x512.jpg 768w, http:\/\/www.maccannes.com\/WordPress\/wp-content\/uploads\/2023\/08\/Michel2-1536x1024.jpg 1536w, http:\/\/www.maccannes.com\/WordPress\/wp-content\/uploads\/2023\/08\/Michel2-2048x1365.jpg 2048w, http:\/\/www.maccannes.com\/WordPress\/wp-content\/uploads\/2023\/08\/Michel2-90x60.jpg 90w\" sizes=\"auto, (max-width: 1024px) 100vw, 1024px\" \/><\/a><\/figure>\n","protected":false},"excerpt":{"rendered":"","protected":false},"author":4,"featured_media":0,"comment_status":"closed","ping_status":"open","sticky":false,"template":"","format":"standard","meta":{"footnotes":""},"categories":[1],"tags":[],"class_list":["post-1317","post","type-post","status-publish","format-standard","hentry","category-uncategorized","grid-sizer"],"_links":{"self":[{"href":"http:\/\/www.maccannes.com\/WordPress\/wp-json\/wp\/v2\/posts\/1317","targetHints":{"allow":["GET"]}}],"collection":[{"href":"http:\/\/www.maccannes.com\/WordPress\/wp-json\/wp\/v2\/posts"}],"about":[{"href":"http:\/\/www.maccannes.com\/WordPress\/wp-json\/wp\/v2\/types\/post"}],"author":[{"embeddable":true,"href":"http:\/\/www.maccannes.com\/WordPress\/wp-json\/wp\/v2\/users\/4"}],"replies":[{"embeddable":true,"href":"http:\/\/www.maccannes.com\/WordPress\/wp-json\/wp\/v2\/comments?post=1317"}],"version-history":[{"count":4,"href":"http:\/\/www.maccannes.com\/WordPress\/wp-json\/wp\/v2\/posts\/1317\/revisions"}],"predecessor-version":[{"id":1326,"href":"http:\/\/www.maccannes.com\/WordPress\/wp-json\/wp\/v2\/posts\/1317\/revisions\/1326"}],"wp:attachment":[{"href":"http:\/\/www.maccannes.com\/WordPress\/wp-json\/wp\/v2\/media?parent=1317"}],"wp:term":[{"taxonomy":"category","embeddable":true,"href":"http:\/\/www.maccannes.com\/WordPress\/wp-json\/wp\/v2\/categories?post=1317"},{"taxonomy":"post_tag","embeddable":true,"href":"http:\/\/www.maccannes.com\/WordPress\/wp-json\/wp\/v2\/tags?post=1317"}],"curies":[{"name":"wp","href":"https:\/\/api.w.org\/{rel}","templated":true}]}}