{"id":1038,"date":"2020-11-29T12:14:31","date_gmt":"2020-11-29T11:14:31","guid":{"rendered":"http:\/\/www.maccannes.com\/WordPress\/?p=1038"},"modified":"2020-12-03T14:01:23","modified_gmt":"2020-12-03T13:01:23","slug":"assemblee-generale-du-27-novembre-2020","status":"publish","type":"post","link":"http:\/\/www.maccannes.com\/WordPress\/assemblee-generale-du-27-novembre-2020\/","title":{"rendered":"Assembl\u00e9e G\u00e9n\u00e9rale du 27 Novembre 2020"},"content":{"rendered":"<p>A situation exceptionnelle, assembl\u00e9e g\u00e9n\u00e9rale exceptionnelle car nous l&rsquo;avons r\u00e9alis\u00e9 en Visio conf\u00e9rence. Celle ci \u00e9tait dirig\u00e9e et r\u00e9alis\u00e9e par Allan Cohen . C est donc dix neuf personnes qui \u00e9taient pr\u00e9sentes de 19h45 \u00e0 22h . Nous avons re\u00e7u 31 procurations. C&rsquo;est donc \u00e0 50 adh\u00e9rents que cette assembl\u00e9e a \u00e9t\u00e9 r\u00e9alis\u00e9e.<br \/>\nVous aurez prochainement le rapport . mais entre temps je remercie tous les participants. Revouons nous rapidement \u00e0 la pente ou au local.<\/p>\n<figure id=\"attachment_1039\" aria-describedby=\"caption-attachment-1039\" style=\"width: 300px\" class=\"wp-caption alignnone\"><a href=\"http:\/\/www.maccannes.com\/WordPress\/?attachment_id=1039\" rel=\"attachment wp-att-1039\"><img loading=\"lazy\" decoding=\"async\" class=\"size-medium wp-image-1039\" src=\"http:\/\/www.maccannes.com\/WordPress\/wp-content\/uploads\/2020\/11\/AG-Visio-2020-300x187.jpg\" alt=\"\" width=\"300\" height=\"187\" srcset=\"http:\/\/www.maccannes.com\/WordPress\/wp-content\/uploads\/2020\/11\/AG-Visio-2020-300x187.jpg 300w, http:\/\/www.maccannes.com\/WordPress\/wp-content\/uploads\/2020\/11\/AG-Visio-2020-768x479.jpg 768w, http:\/\/www.maccannes.com\/WordPress\/wp-content\/uploads\/2020\/11\/AG-Visio-2020-1024x638.jpg 1024w, http:\/\/www.maccannes.com\/WordPress\/wp-content\/uploads\/2020\/11\/AG-Visio-2020.jpg 1080w\" sizes=\"auto, (max-width: 300px) 100vw, 300px\" \/><\/a><figcaption id=\"caption-attachment-1039\" class=\"wp-caption-text\">visio de l&rsquo;AG<\/figcaption><\/figure>\n","protected":false},"excerpt":{"rendered":"<p>A situation exceptionnelle, assembl\u00e9e g\u00e9n\u00e9rale exceptionnelle car nous l&rsquo;avons r\u00e9alis\u00e9 en Visio conf\u00e9rence. Celle ci \u00e9tait dirig\u00e9e et r\u00e9alis\u00e9e par Allan Cohen . C est donc dix neuf personnes qui \u00e9taient pr\u00e9sentes de 19h45 \u00e0 22h . Nous avons re\u00e7u 31 procurations. C&rsquo;est donc \u00e0 50 adh\u00e9rents que cette assembl\u00e9e a \u00e9t\u00e9 r\u00e9alis\u00e9e. Vous aurez &hellip; <\/p>\n","protected":false},"author":4,"featured_media":1039,"comment_status":"open","ping_status":"open","sticky":false,"template":"","format":"standard","meta":{"footnotes":""},"categories":[3,5],"tags":[],"class_list":["post-1038","post","type-post","status-publish","format-standard","has-post-thumbnail","hentry","category-articles","category-vie","grid-sizer"],"_links":{"self":[{"href":"http:\/\/www.maccannes.com\/WordPress\/wp-json\/wp\/v2\/posts\/1038","targetHints":{"allow":["GET"]}}],"collection":[{"href":"http:\/\/www.maccannes.com\/WordPress\/wp-json\/wp\/v2\/posts"}],"about":[{"href":"http:\/\/www.maccannes.com\/WordPress\/wp-json\/wp\/v2\/types\/post"}],"author":[{"embeddable":true,"href":"http:\/\/www.maccannes.com\/WordPress\/wp-json\/wp\/v2\/users\/4"}],"replies":[{"embeddable":true,"href":"http:\/\/www.maccannes.com\/WordPress\/wp-json\/wp\/v2\/comments?post=1038"}],"version-history":[{"count":2,"href":"http:\/\/www.maccannes.com\/WordPress\/wp-json\/wp\/v2\/posts\/1038\/revisions"}],"predecessor-version":[{"id":1066,"href":"http:\/\/www.maccannes.com\/WordPress\/wp-json\/wp\/v2\/posts\/1038\/revisions\/1066"}],"wp:featuredmedia":[{"embeddable":true,"href":"http:\/\/www.maccannes.com\/WordPress\/wp-json\/wp\/v2\/media\/1039"}],"wp:attachment":[{"href":"http:\/\/www.maccannes.com\/WordPress\/wp-json\/wp\/v2\/media?parent=1038"}],"wp:term":[{"taxonomy":"category","embeddable":true,"href":"http:\/\/www.maccannes.com\/WordPress\/wp-json\/wp\/v2\/categories?post=1038"},{"taxonomy":"post_tag","embeddable":true,"href":"http:\/\/www.maccannes.com\/WordPress\/wp-json\/wp\/v2\/tags?post=1038"}],"curies":[{"name":"wp","href":"https:\/\/api.w.org\/{rel}","templated":true}]}}